[{"@context":"https:\/\/schema.org\/","@type":"Article","@id":"https:\/\/www.rotang.cz\/zena-v-domacnosti-i-v-dnesni-dobe-normalni\/#Article","mainEntityOfPage":"https:\/\/www.rotang.cz\/zena-v-domacnosti-i-v-dnesni-dobe-normalni\/","headline":"\u017dena v dom\u00e1cnosti \u2013 i v dne\u0161n\u00ed dob\u011b norm\u00e1ln\u00ed","name":"\u017dena v dom\u00e1cnosti \u2013 i v dne\u0161n\u00ed dob\u011b norm\u00e1ln\u00ed","description":"V minulosti bylo zvykem, \u017ee \u017eeny byly doma, nechodily do pr\u00e1ce a ve\u0161kerou jejich prac\u00ed bylo to, aby se postaraly o chod dom\u00e1cnosti a d\u011bti, kter\u00e9 m\u011bly. Dnes se u\u017e na v\u0161e hled\u00ed jinak a<!--hoot-read-more-quicktag-->","datePublished":"2023-05-31","dateModified":"2023-05-31","author":{"@type":"Person","@id":"https:\/\/www.rotang.cz\/author\/#Person","name":"","url":"https:\/\/www.rotang.cz\/author\/","identifier":1,"image":{"@type":"ImageObject","@id":"https:\/\/secure.gravatar.com\/avatar\/bbaa4e9a58aac4329fe0ade0f3fb816f09f0dc43c21f6e884dccfbc124b16b29?s=96&d=mm&r=g","url":"https:\/\/secure.gravatar.com\/avatar\/bbaa4e9a58aac4329fe0ade0f3fb816f09f0dc43c21f6e884dccfbc124b16b29?s=96&d=mm&r=g","height":96,"width":96}},"publisher":{"@type":"Organization","name":"rotang.cz","logo":{"@type":"ImageObject","@id":"\/logo.png","url":"\/logo.png","width":600,"height":60}},"image":{"@type":"ImageObject","@id":"https:\/\/www.rotang.cz\/wp-content\/uploads\/img_a319320_w2548_t1530258206.jpg","url":"https:\/\/www.rotang.cz\/wp-content\/uploads\/img_a319320_w2548_t1530258206.jpg","height":0,"width":0},"url":"https:\/\/www.rotang.cz\/zena-v-domacnosti-i-v-dnesni-dobe-normalni\/","wordCount":608,"articleBody":"V minulosti bylo zvykem, \u017ee \u017eeny byly doma, nechodily do pr\u00e1ce a ve\u0161kerou jejich prac\u00ed bylo to, aby se postaraly o chod dom\u00e1cnosti a d\u011bti, kter\u00e9 m\u011bly. Dnes se u\u017e na v\u0161e hled\u00ed jinak a mu\u017e nen\u00ed pova\u017eov\u00e1n za jedin\u00e9ho \u017eivitele rodiny, kter\u00fd m\u016f\u017ee rodinu zabezpe\u010dit. Mnoho \u017een je i p\u0159es tuto modern\u00ed dobu doma, tedy nepracuj\u00ed a staraj\u00ed se jen o to, co je pot\u0159eba ud\u011blat kolem domu, \u00faklidu a p\u00e9\u010de o d\u011bti.Jak se na tyto d\u00e1my d\u00edv\u00e1 spole\u010dnost a co to \u017een\u00e1m, kter\u00e9 se rozhodli pro tento styl \u017eivota p\u0159in\u00e1\u0161\u00ed?\tPr\u00e1ce mu\u017ee, kter\u00fd je placen\u00fd za dvaV prvn\u00ed \u0159ad\u011b je pot\u0159eba vysv\u011btlit, \u017ee \u017eeny, kter\u00e9 se rozhodly b\u00fdt \u017eenami v dom\u00e1cnosti, si to m\u016f\u017eou dovolit z jednoho prost\u00e9ho d\u016fvodu \u2013 jejich mu\u017e vyd\u011bl\u00e1v\u00e1 tolik, \u017ee nen\u00ed dal\u0161\u00ed p\u0159\u00edjem v rodin\u011b pot\u0159ebn\u00fd. Jedn\u00e1 se tedy o vz\u00e1jemnou dohodu obou partner\u016f, kte\u0159\u00ed se domluv\u00ed na tom, aby \u017eena byla doma a pe\u010dovala o v\u0161e, co se t\u00fd\u010de dom\u00e1cnosti a d\u011bt\u00ed a mu\u017e byl t\u00edm, kdo vyd\u011bl\u00e1v\u00e1 pen\u00edze a \u017eiv\u00ed celou rodinu.Kdyby jim to finan\u010dn\u00ed situace nedovolila, nem\u011bly by \u017eeny, kter\u00e9 pracuj\u00ed doma mo\u017enost m\u00edt takov\u00fd luxus a nemuset pracovat jako ka\u017ed\u00fd oby\u010dejn\u00fd smrteln\u00edk v zam\u011bstn\u00e1n\u00ed.\tN\u00e1zor lid\u00ed jim moc nep\u0159id\u00e1v\u00e1I p\u0159es to, \u017ee \u017eijeme v modern\u00ed, ale po\u0159\u00e1d svobodn\u00e9 dob\u011b, se mus\u00ed \u017eena v dom\u00e1cnosti pot\u00fdkat s kritikou jej\u00ed volby pr\u00e1ce, kter\u00e1 nen\u00ed v\u016fbec ocen\u011bn\u00e1. I \u017eena, kter\u00e1 je doma, m\u00e1 po\u0159\u00e1d co d\u011blat a \u010dasto v\u011bnuje ve\u0161kerou svou snahu a pozornost sv\u00fdm d\u011btem a jejich v\u00fdchov\u011b.Mus\u00ed se starat o \u00faklid a bezchybnou dom\u00e1cnost, kterou i jej\u00ed mu\u017e po n\u00ed vy\u017eaduje. I kdy\u017e je takov\u00e1 pr\u00e1ce pro v\u011bt\u0161inu \u017een (obzvl\u00e1\u0161t\u011b matek) skute\u010dn\u011b nedocen\u011bn\u00e1, n\u011bkte\u0159\u00ed odp\u016frci tohoto typu \u017eivota si st\u011b\u017euj\u00ed, \u017ee to v\u0161e m\u016f\u017ee \u017eena st\u00edhat i s pracovn\u00edm nasazen\u00edm v zam\u011bstn\u00e1n\u00ed. Je to v\u0161ak jej\u00ed volba, pro kterou se rozhodla a na tom \u017e\u00e1dn\u00e1 negativn\u00ed kritika nic nezm\u011bn\u00ed. Toho, kdo to nechce pochopit, \u017e\u00e1dn\u00e1 \u017eena v dom\u00e1cnosti nikdy nep\u0159esv\u011bd\u010d\u00ed o tom, \u017ee i ona je p\u0159\u00ednosem pro rodinu.\tNep\u0159etr\u017eit\u00fd kontakt s rodinouPro mnoho \u017een je hlavn\u00ed prioritou pobytu doma to, \u017ee m\u016f\u017eou sv\u016fj \u010das pln\u011b v\u011bnovat sv\u00e9 rodin\u011b. Ka\u017ed\u00e9 d\u00edt\u011b je \u0159\u00e1dn\u011b vychov\u00e1v\u00e1no, v\u011bnuje se mu v\u0161echna pozornost a nadm\u011brn\u00e1 p\u00e9\u010de. D\u011bti maj\u00ed nav\u00edc m\u00e1mu po\u0159\u00e1d po ruce, pom\u00e1h\u00e1 jim s \u00fakoly a \u0159e\u0161\u00ed v\u0161echny probl\u00e9my, ale i povinnosti s t\u00edm, co v \u017eivot\u011b pot\u0159ebuj\u00ed.Maj\u00ed po\u0159\u00e1d dom\u00e1c\u00ed a teplou stravu a hlavn\u011b \u010dist\u00fd a spo\u0159\u00e1dan\u00fd domov. A to je pro d\u011bti nejv\u00edce. Mu\u017e je v tomto p\u0159\u00edpad\u011b spokojen\u00fd o to v\u00edce, proto\u017ee se v\u0161echna zodpov\u011bdnost a starosti situuj\u00ed na \u017eenskou stranu jeho rodiny, a tak mu z\u016fst\u00e1v\u00e1 jen to, aby pracoval a n\u00e1sledn\u011b odpo\u010d\u00edval.Mnoho mu\u017e\u016fm to vyhovuje i z hlediska, \u017ee se s \u017eenou nemus\u00ed d\u011blit o povinnosti s d\u011btmi, proto\u017ee maj\u00ed rozd\u011blen\u00e9 role, kter\u00e9 jim d\u00e1vaj\u00ed pozice v rodin\u011b, kter\u00e9 jim naprosto vyhovuj\u00ed.                                                                                                                                                                                                                                                                                                                                                                                                "},{"@context":"https:\/\/schema.org\/","@type":"BreadcrumbList","itemListElement":[{"@type":"ListItem","position":1,"name":"\u017dena v dom\u00e1cnosti \u2013 i v dne\u0161n\u00ed dob\u011b norm\u00e1ln\u00ed","item":"https:\/\/www.rotang.cz\/zena-v-domacnosti-i-v-dnesni-dobe-normalni\/#breadcrumbitem"}]}]